{"id":2339,"date":"2023-07-07T08:36:44","date_gmt":"2023-07-07T06:36:44","guid":{"rendered":"https:\/\/www.nirris.cz\/blog\/evidence-vyloucenych-osob-startuje\/"},"modified":"2024-12-16T11:43:50","modified_gmt":"2024-12-16T10:43:50","slug":"the-register-of-excluded-persons-is-launched","status":"publish","type":"post","link":"https:\/\/www.nirris.cz\/en\/blog\/the-register-of-excluded-persons-is-launched\/","title":{"rendered":"The register of excluded persons is launched"},"content":{"rendered":"<p>Starting from July 1, 2023, an amendment to the Act on Business Corporations (ABC) takes effect, introducing a&nbsp;significant change: the establishment of the register of excluded persons.<br \/>\nWho will manage this registry, who will have access to it, and will it be necessary to request access?<br \/>\nYou can find answers to these questions and more in the article by our colleague\u00a0Mgr. Jarom\u00edr Lo\u0161\u0165\u00e1k\u00a0on the\u00a0<a href=\"https:\/\/leagleone.najdipravnika.online\/obsah\/evidence-vyloucenych-osob-startuje\/?fbclid=IwAR12ndXdEgpB9roknvvoPp_ywKMwbvO_XoPXNlEry2aaah_lNTHBfq70MRA\" target=\"_blank\" rel=\"noopener\">LEAGLEONE<\/a>\u00a0website<\/p>\n","protected":false},"excerpt":{"rendered":"<p>Starting from July 1, 2023, an amendment to the Act on Business Corporations (ABC) takes effect, introducing a&nbsp;significant change: the establishment of the register of excluded persons. Who will manage this registry, who will have access to it, and will it be necessary to request access? You can find answers to these questions and more&#8230;<\/p>\n","protected":false},"author":1,"featured_media":1784,"comment_status":"open","ping_status":"open","sticky":false,"template":"","format":"standard","meta":{"footnotes":""},"categories":[5],"tags":[],"class_list":["post-2339","post","type-post","status-publish","format-standard","has-post-thumbnail","hentry","category-blog"],"acf":[],"aioseo_notices":[],"_links":{"self":[{"href":"https:\/\/www.nirris.cz\/en\/wp-json\/wp\/v2\/posts\/2339","targetHints":{"allow":["GET"]}}],"collection":[{"href":"https:\/\/www.nirris.cz\/en\/wp-json\/wp\/v2\/posts"}],"about":[{"href":"https:\/\/www.nirris.cz\/en\/wp-json\/wp\/v2\/types\/post"}],"author":[{"embeddable":true,"href":"https:\/\/www.nirris.cz\/en\/wp-json\/wp\/v2\/users\/1"}],"replies":[{"embeddable":true,"href":"https:\/\/www.nirris.cz\/en\/wp-json\/wp\/v2\/comments?post=2339"}],"version-history":[{"count":1,"href":"https:\/\/www.nirris.cz\/en\/wp-json\/wp\/v2\/posts\/2339\/revisions"}],"predecessor-version":[{"id":2340,"href":"https:\/\/www.nirris.cz\/en\/wp-json\/wp\/v2\/posts\/2339\/revisions\/2340"}],"wp:featuredmedia":[{"embeddable":true,"href":"https:\/\/www.nirris.cz\/en\/wp-json\/wp\/v2\/media\/1784"}],"wp:attachment":[{"href":"https:\/\/www.nirris.cz\/en\/wp-json\/wp\/v2\/media?parent=2339"}],"wp:term":[{"taxonomy":"category","embeddable":true,"href":"https:\/\/www.nirris.cz\/en\/wp-json\/wp\/v2\/categories?post=2339"},{"taxonomy":"post_tag","embeddable":true,"href":"https:\/\/www.nirris.cz\/en\/wp-json\/wp\/v2\/tags?post=2339"}],"curies":[{"name":"wp","href":"https:\/\/api.w.org\/{rel}","templated":true}]}}