{"id":2328,"date":"2023-10-31T08:29:18","date_gmt":"2023-10-31T07:29:18","guid":{"rendered":"https:\/\/www.nirris.cz\/blog\/docasna-pracovni-neschopnost\/"},"modified":"2024-12-16T11:27:51","modified_gmt":"2024-12-16T10:27:51","slug":"temporary-inability-to-work","status":"publish","type":"post","link":"https:\/\/www.nirris.cz\/en\/blog\/temporary-inability-to-work\/","title":{"rendered":"Temporary (in)ability to work"},"content":{"rendered":"<p>What happens if an employee decides to work while on sick leave?<br \/>\nCan the employer assign him work in these circumstances?<br \/>\nWhat is the so-called protection period and can the employer terminate the employment relationship with the employee during this period?<\/p>\n<p>This and much more can be found in the article by\u00a0Mgr. Tom\u00e1\u0161 Mat\u011bjka\u00a0on\u00a0<a href=\"https:\/\/leagleone.najdipravnika.online\/obsah\/docasna-pracovni-neschopnost\/?fbclid=IwAR3p7TDC44RlZCHw_4fxP68OQY73uKyPGEf6VF2vAJ0t5-tF6hQLH7QnAKg\" target=\"_blank\" rel=\"noopener\">Leagleone<\/a>.<\/p>\n","protected":false},"excerpt":{"rendered":"<p>What happens if an employee decides to work while on sick leave? Can the employer assign him work in these circumstances? What is the so-called protection period and can the employer terminate the employment relationship with the employee during this period? This and much more can be found in the article by\u00a0Mgr. Tom\u00e1\u0161 Mat\u011bjka\u00a0on\u00a0Leagleone.<\/p>\n","protected":false},"author":1,"featured_media":1780,"comment_status":"open","ping_status":"open","sticky":false,"template":"","format":"standard","meta":{"footnotes":""},"categories":[5],"tags":[],"class_list":["post-2328","post","type-post","status-publish","format-standard","has-post-thumbnail","hentry","category-blog"],"acf":[],"aioseo_notices":[],"_links":{"self":[{"href":"https:\/\/www.nirris.cz\/en\/wp-json\/wp\/v2\/posts\/2328","targetHints":{"allow":["GET"]}}],"collection":[{"href":"https:\/\/www.nirris.cz\/en\/wp-json\/wp\/v2\/posts"}],"about":[{"href":"https:\/\/www.nirris.cz\/en\/wp-json\/wp\/v2\/types\/post"}],"author":[{"embeddable":true,"href":"https:\/\/www.nirris.cz\/en\/wp-json\/wp\/v2\/users\/1"}],"replies":[{"embeddable":true,"href":"https:\/\/www.nirris.cz\/en\/wp-json\/wp\/v2\/comments?post=2328"}],"version-history":[{"count":1,"href":"https:\/\/www.nirris.cz\/en\/wp-json\/wp\/v2\/posts\/2328\/revisions"}],"predecessor-version":[{"id":2329,"href":"https:\/\/www.nirris.cz\/en\/wp-json\/wp\/v2\/posts\/2328\/revisions\/2329"}],"wp:featuredmedia":[{"embeddable":true,"href":"https:\/\/www.nirris.cz\/en\/wp-json\/wp\/v2\/media\/1780"}],"wp:attachment":[{"href":"https:\/\/www.nirris.cz\/en\/wp-json\/wp\/v2\/media?parent=2328"}],"wp:term":[{"taxonomy":"category","embeddable":true,"href":"https:\/\/www.nirris.cz\/en\/wp-json\/wp\/v2\/categories?post=2328"},{"taxonomy":"post_tag","embeddable":true,"href":"https:\/\/www.nirris.cz\/en\/wp-json\/wp\/v2\/tags?post=2328"}],"curies":[{"name":"wp","href":"https:\/\/api.w.org\/{rel}","templated":true}]}}